{"id":15625,"date":"2023-08-29T11:10:33","date_gmt":"2023-08-29T11:10:33","guid":{"rendered":"https:\/\/ayuntamientosamaniego.com\/?p=15625"},"modified":"2023-08-30T09:29:48","modified_gmt":"2023-08-30T09:29:48","slug":"fiestas-en-honor-a-nstra-sra-virgen-del-valle-2023","status":"publish","type":"post","link":"https:\/\/ayuntamientosamaniego.com\/eu\/fiestas-en-honor-a-nstra-sra-virgen-del-valle-2023\/","title":{"rendered":"Fiestas en honor a Nstra. Sra. Virgen del Valle 2023"},"content":{"rendered":"<p>Las fiestas en honor a Nstra. Sra. Virgen del Valle son los festejos patronales que tienen lugar en nuestra localidad del 7 al 11 de septiembre. Son las m\u00e1s populares y duraderas. Les precede una novena en la Ermita del Valle el d\u00eda 8, d\u00eda grande en el pueblo, en la que se celebra: un pasacalles amenizado con m\u00fasica en directo por txistularis y tamborileros que tiene lugar desde el pueblo hasta la ermita, siguiendo a los miembros del Grupo de Danzas de Samaniego, txikis y mayores, los cuales durante la misa son encargados de la ofrenda floral y de realizar el cl\u00e1sico baile del &#8220;Agurra&#8221; a la Virgen, un baile que simboliza respeto y reverencia.<\/p>\n<p><img loading=\"lazy\" decoding=\"async\" class=\"wp-image-15627 alignleft\" src=\"https:\/\/ayuntamientosamaniego.com\/wp-content\/uploads\/2023\/08\/virgen-del-valle-3-300x200.jpeg\" alt=\"\" width=\"376\" height=\"251\" srcset=\"https:\/\/ayuntamientosamaniego.com\/wp-content\/uploads\/2023\/08\/virgen-del-valle-3-300x200.jpeg 300w, https:\/\/ayuntamientosamaniego.com\/wp-content\/uploads\/2023\/08\/virgen-del-valle-3.jpeg 720w\" sizes=\"auto, (max-width: 376px) 100vw, 376px\" \/><\/p>\n<p>A su vez, las novenas en esta ermita comienzan a tener lugar del 30 de agosto al 7 de septiembre a las 20:00h. Los festejos arrancan el d\u00eda 7 con el txupinazo en la plaza del Ayuntamiento, que consiste en ascender un burro de cart\u00f3n-piedra a la torre de la Iglesia y que permanecer\u00e1 all\u00ed colgado durante todas las fiestas. Adem\u00e1s, viene siendo costumbre hace unos a\u00f1os este d\u00eda la comida de cuadrillas, donde nos juntamos en el juego de bolos a comer todos juntos. Este a\u00f1o, como novedad, y esperando que tambi\u00e9n se vuelva costumbre, una charanga y cabezudos amenizar\u00e1n la subida del burro y posterior verm\u00fa. Cuenta la historia del pueblo, que se lleg\u00f3 a subir un burro real para que se comiera las &#8220;melgas&#8221; que nac\u00edan en la torre de la iglesia, de ah\u00ed que en Samaniego se nos conozca como &#8220;melgueros\/as&#8221;.<\/p>\n<p>El d\u00eda 8, arriba ya mencionado, es el d\u00eda grande en Samaniego y se celebra una misa en honor a la Virgen del Valle, la patrona del pueblo, a quien se le brindar\u00e1n flores como rosas, gladiolos, menta y margaritas. Durante estos d\u00edas se organizan numerosas actividades en colaboraci\u00f3n ciudadana y organizadas por el Ayuntamiento, la Sociedad Cultural del pueblo &#8220;S.C. Murriarte&#8221;, Samaniegoko Gazteak y el Grupo de Danzas de Samaniego, entre las que podemos destacar El D\u00eda de la Virgen (8 de septiembre) donde, adem\u00e1s de la misa, baile y ofrenda floral, se le canta una jota a la Virgen que dice as\u00ed:<\/p>\n<p style=\"text-align: center;\"><em><span style=\"text-align: center;\">&#8220;Y eres bonita y galana,<\/span><\/em><\/p>\n<p style=\"text-align: center;\"><em>Patrona de Samaniego, <\/em><\/p>\n<p style=\"text-align: center;\"><em>Patrona de Samaniego,<\/em><\/p>\n<p style=\"text-align: center;\"><em>Y eres bonita y galana,<\/em><\/p>\n<p style=\"text-align: center;\"><em>Y no hay pintor que te pinte, <\/em><\/p>\n<p style=\"text-align: center;\"><em>Y no hay p<\/em><em>intor que te pinte,<\/em><\/p>\n<p style=\"text-align: center;\"><em>Ni una imagen que te iguale,<\/em><\/p>\n<p style=\"text-align: center;\"><em>Ni una imagen que te iguale, <\/em><\/p>\n<p style=\"text-align: center;\"><em>Patrona de Samaniego,<\/em><\/p>\n<p style=\"text-align: center;\"><em>Y eres bonita y galana.&#8221;<\/em><\/p>\n<p>Posteriormente, en los jardines de la ermita se realiza un lunch popular para todos los asistentes.<\/p>\n<p>Desde hace varios a\u00f1os, los j\u00f3venes del pueblo (Samaniegoko Gazteak) se unen y entre tod@s dan vida a las fiestas con la organizaci\u00f3n de la txozna y otras actividades, tambi\u00e9n se encargan de realizar el Gazte Eguna (d\u00eda de los j\u00f3venes, 9 de septiembre) el cual realizan una comida popular en el juego de bolos y actividades varias para todo aquel que se anime. El &#8220;d\u00eda de descanso&#8221; se da el 10 de septiembre, es el que conocemos como &#8220;D\u00eda de las Bodegas&#8221; donde se realiza la tradicional comida popular, el campeonato de bolos y los festejos nocturnos se trasladan al Barrio de Matarredo. All\u00ed, por parte de la S.C. Murriarte, entre sus m\u00e1s actividades, se est\u00e1 retomando el tradicional concurso y degustaci\u00f3n de zurracapote para dar fin a la \u00faltima noche de fiestas. El d\u00eda 11 de septiembre finalizar\u00edan con una romer\u00eda al puerto de Herrera y a las 19:00h se da la bajada del burro y entrega de premios de los diferentes concursos y torneos que tienen lugar durante las fiestas.<\/p>\n<p>Aqu\u00ed os dejamos el programa de estas fiestas, esperamos que sean de vuestro agrado, que las disfrut\u00e9is con respeto y en armon\u00eda.<\/p>\n<p>\u00a1Gora Samaniegoko Jaiak!<\/p>\n<a href=\"https:\/\/ayuntamientosamaniego.com\/wp-content\/uploads\/2023\/08\/Samaniego-2023-2.pdf\" class=\"pdfemb-viewer\" style=\"\" data-width=\"max\" data-height=\"max\"  data-toolbar=\"bottom\" data-toolbar-fixed=\"off\">Samaniego 2023 <br\/><\/a>\n","protected":false},"excerpt":{"rendered":"<p>Las fiestas en honor a Nstra. Sra. Virgen del Valle son los festejos patronales que tienen lugar en nuestra localidad del 7 al 11 de septiembre. Son las m\u00e1s populares y duraderas. Les precede una novena en la Ermita del Valle el d\u00eda 8, d\u00eda [&hellip;]<\/p>\n","protected":false},"author":3,"featured_media":15631,"comment_status":"open","ping_status":"closed","sticky":false,"template":"","format":"standard","meta":{"footnotes":""},"categories":[102],"tags":[],"class_list":["post-15625","post","type-post","status-publish","format-standard","has-post-thumbnail","hentry","category-noticias"],"_links":{"self":[{"href":"https:\/\/ayuntamientosamaniego.com\/eu\/wp-json\/wp\/v2\/posts\/15625","targetHints":{"allow":["GET"]}}],"collection":[{"href":"https:\/\/ayuntamientosamaniego.com\/eu\/wp-json\/wp\/v2\/posts"}],"about":[{"href":"https:\/\/ayuntamientosamaniego.com\/eu\/wp-json\/wp\/v2\/types\/post"}],"author":[{"embeddable":true,"href":"https:\/\/ayuntamientosamaniego.com\/eu\/wp-json\/wp\/v2\/users\/3"}],"replies":[{"embeddable":true,"href":"https:\/\/ayuntamientosamaniego.com\/eu\/wp-json\/wp\/v2\/comments?post=15625"}],"version-history":[{"count":5,"href":"https:\/\/ayuntamientosamaniego.com\/eu\/wp-json\/wp\/v2\/posts\/15625\/revisions"}],"predecessor-version":[{"id":15638,"href":"https:\/\/ayuntamientosamaniego.com\/eu\/wp-json\/wp\/v2\/posts\/15625\/revisions\/15638"}],"wp:featuredmedia":[{"embeddable":true,"href":"https:\/\/ayuntamientosamaniego.com\/eu\/wp-json\/wp\/v2\/media\/15631"}],"wp:attachment":[{"href":"https:\/\/ayuntamientosamaniego.com\/eu\/wp-json\/wp\/v2\/media?parent=15625"}],"wp:term":[{"taxonomy":"category","embeddable":true,"href":"https:\/\/ayuntamientosamaniego.com\/eu\/wp-json\/wp\/v2\/categories?post=15625"},{"taxonomy":"post_tag","embeddable":true,"href":"https:\/\/ayuntamientosamaniego.com\/eu\/wp-json\/wp\/v2\/tags?post=15625"}],"curies":[{"name":"wp","href":"https:\/\/api.w.org\/{rel}","templated":true}]}}